{"id":1108,"date":"2017-06-03T14:04:08","date_gmt":"2017-06-03T12:04:08","guid":{"rendered":"http:\/\/www.posaunenchor-meerbeck.de\/?p=1108"},"modified":"2017-06-03T14:04:08","modified_gmt":"2017-06-03T12:04:08","slug":"danke-fuer-alles-frohe-helle-und-fuer-die-musik","status":"publish","type":"post","link":"https:\/\/www.posaunenchor-meerbeck.de\/index.php\/2017\/06\/03\/danke-fuer-alles-frohe-helle-und-fuer-die-musik\/","title":{"rendered":"&#8222;Danke f\u00fcr alles Frohe, Helle und f\u00fcr die Musik&#8220;"},"content":{"rendered":"<p><img loading=\"lazy\" decoding=\"async\" class=\"aligncenter size-full wp-image-1110\" src=\"http:\/\/www.posaunenchor-meerbeck.de\/wp-content\/uploads\/2017\/06\/Danke.jpg\" alt=\"\" width=\"2296\" height=\"646\" srcset=\"https:\/\/www.posaunenchor-meerbeck.de\/wp-content\/uploads\/2017\/06\/Danke.jpg 2296w, https:\/\/www.posaunenchor-meerbeck.de\/wp-content\/uploads\/2017\/06\/Danke-150x42.jpg 150w, https:\/\/www.posaunenchor-meerbeck.de\/wp-content\/uploads\/2017\/06\/Danke-1024x288.jpg 1024w, https:\/\/www.posaunenchor-meerbeck.de\/wp-content\/uploads\/2017\/06\/Danke-768x216.jpg 768w, https:\/\/www.posaunenchor-meerbeck.de\/wp-content\/uploads\/2017\/06\/Danke-1920x540.jpg 1920w\" sizes=\"auto, (max-width: 2296px) 100vw, 2296px\" \/><\/p>\n<p>Vor ziemlich genau zehn Jahren habe ich den ersten Gemeindebrief-Text als Chorleiterin des Posaunenchores geschrieben.<\/p>\n<p>Damals schrieb ich, dass ich nach meiner R\u00fcckkehr nach Schaumburg nicht damit gerechnet h\u00e4tte, pl\u00f6tzlich die Leiterin des Posaunenchores in Meerbeck zu sein. Dass ich es auch zehn Jahre sp\u00e4ter noch sein w\u00fcrde, damit h\u00e4tte ich nie gerechnet!<\/p>\n<p>Ein bisschen mulmig war mir schon und ich schrieb damals, dass die Fu\u00dfstapfen gro\u00df seien, in die ich hineintreten w\u00fcrde. Nat\u00fcrlich musste sich erst alles ein bisschen zurechtruckeln, bis es passte. Aber ich bin wirklich sehr stolz darauf, was wir als Chor gemeinsam erreicht haben. Neben unseren \u201eStandardaufgaben&#8220;, wie die musikalische Begleitung der Gottesdienste, diakonische Eins\u00e4tze usw. haben wir jedes Jahr mindestens zwei Konzerte gegeben, wir haben unsere Partnerschaft mit Schmiedeberg wiederbelebt, den Posaunenchor dort besucht, gemeinsam am Kirchentag teilgenommen und auch Gegenbesuche gehabt. Wir haben unsere Freundschaft mit den Posaunench\u00f6ren der Moravian Church in S\u00fcdafrika vertieft, waren zwei Mal dort und hatten ca. jedes<\/p>\n<p>zweite Jahr Besuch einer Gruppe aus S\u00fcdafrika. Wir waren beim Kirchentag in Bremen und Dresden und beim Posaunentag in Leipzig. Nachdem Jacqueline Schmidt (ehem. Peek) und ich uns in SachenJungbl\u00e4serausbildung weitergebildet hatten, haben wir 2010 eine Jungbl\u00e4serausbildung gestartet und konnten dadurch 9 neue Bl\u00e4serinnen und Bl\u00e4ser dauerhaft f\u00fcr unseren Posaunenchor dazu gewinnen. Wir haben unser 100 j\u00e4hriges Posaunenchorjubil\u00e4um mit einem tollen Konzert und Workshop von Richard Roblee und Abschlussgottesdienst mit mehr als 100 Bl\u00e4sern aus ganz Schaumburg gefeiert. Mittlerweile haben wir einen Nachwuchschorleiter ausgebildet und Daniel Nickels unterst\u00fctzt mich nun tatkr\u00e4ftig bei der Chorleitung als Vertreter.<\/p>\n<p>Der Tod meines Vaters vor einem Jahr hat eine sehr tiefe L\u00fccke auch im Posaunenchor hinterlassen. Aber wir sind alle noch mehr zusammenger\u00fcckt, haben uns noch mehr gegenseitig gest\u00fctzt und die Gemeinschaft verst\u00e4rkt. Dies bedeutet mir sehr viel und gibt mir nach wie vor viel Kraft. Daf\u00fcr bin ich sehr dankbar.<\/p>\n<p><em>Wiebke Ostermeier<\/em><\/p>\n<p>&nbsp;<\/p>\n","protected":false},"excerpt":{"rendered":"<p>Vor ziemlich genau zehn Jahren habe ich den ersten Gemeindebrief-Text als Chorleiterin des Posaunenchores geschrieben. Damals schrieb ich, dass ich nach meiner R\u00fcckkehr nach Schaumburg nicht damit gerechnet h\u00e4tte, pl\u00f6tzlich die Leiterin des Posaunenchores in Meerbeck zu sein. Dass ich <a class=\"more-link\" href=\"https:\/\/www.posaunenchor-meerbeck.de\/index.php\/2017\/06\/03\/danke-fuer-alles-frohe-helle-und-fuer-die-musik\/\"><span class=\"screen-reader-text\">  &#8222;Danke f\u00fcr alles Frohe, Helle und f\u00fcr die Musik&#8220;<\/span> weiterlesen<span class=\"meta-nav\">&rarr;<\/span><\/a><\/p>\n","protected":false},"author":1,"featured_media":0,"comment_status":"closed","ping_status":"closed","sticky":false,"template":"","format":"standard","meta":{"ngg_post_thumbnail":0,"iawp_total_views":3,"footnotes":""},"categories":[1],"tags":[],"class_list":["post-1108","post","type-post","status-publish","format-standard","hentry","category-allgemein"],"_links":{"self":[{"href":"https:\/\/www.posaunenchor-meerbeck.de\/index.php\/wp-json\/wp\/v2\/posts\/1108","targetHints":{"allow":["GET"]}}],"collection":[{"href":"https:\/\/www.posaunenchor-meerbeck.de\/index.php\/wp-json\/wp\/v2\/posts"}],"about":[{"href":"https:\/\/www.posaunenchor-meerbeck.de\/index.php\/wp-json\/wp\/v2\/types\/post"}],"author":[{"embeddable":true,"href":"https:\/\/www.posaunenchor-meerbeck.de\/index.php\/wp-json\/wp\/v2\/users\/1"}],"replies":[{"embeddable":true,"href":"https:\/\/www.posaunenchor-meerbeck.de\/index.php\/wp-json\/wp\/v2\/comments?post=1108"}],"version-history":[{"count":3,"href":"https:\/\/www.posaunenchor-meerbeck.de\/index.php\/wp-json\/wp\/v2\/posts\/1108\/revisions"}],"predecessor-version":[{"id":1112,"href":"https:\/\/www.posaunenchor-meerbeck.de\/index.php\/wp-json\/wp\/v2\/posts\/1108\/revisions\/1112"}],"wp:attachment":[{"href":"https:\/\/www.posaunenchor-meerbeck.de\/index.php\/wp-json\/wp\/v2\/media?parent=1108"}],"wp:term":[{"taxonomy":"category","embeddable":true,"href":"https:\/\/www.posaunenchor-meerbeck.de\/index.php\/wp-json\/wp\/v2\/categories?post=1108"},{"taxonomy":"post_tag","embeddable":true,"href":"https:\/\/www.posaunenchor-meerbeck.de\/index.php\/wp-json\/wp\/v2\/tags?post=1108"}],"curies":[{"name":"wp","href":"https:\/\/api.w.org\/{rel}","templated":true}]}}