{"id":35788,"date":"2021-04-14T16:51:38","date_gmt":"2021-04-14T14:51:38","guid":{"rendered":"https:\/\/www.posaunenchor-meerbeck.de\/?p=35788"},"modified":"2025-05-08T21:15:16","modified_gmt":"2025-05-08T19:15:16","slug":"friends-will-be-friends-20-jahre-freundschaft-zwischen-suedafrika-und-meerbeck","status":"publish","type":"post","link":"https:\/\/www.posaunenchor-meerbeck.de\/index.php\/2021\/04\/14\/friends-will-be-friends-20-jahre-freundschaft-zwischen-suedafrika-und-meerbeck\/","title":{"rendered":"Friends will be friends- 20 Jahre Freundschaft  zwischen S\u00fcdafrika und Meerbeck"},"content":{"rendered":"\n<figure class=\"wp-block-image size-large\"><img loading=\"lazy\" decoding=\"async\" width=\"695\" height=\"887\" src=\"https:\/\/www.posaunenchor-meerbeck.de\/wp-content\/uploads\/2021\/04\/friendsforeverSA.png\" alt=\"\" class=\"wp-image-35790\" srcset=\"https:\/\/www.posaunenchor-meerbeck.de\/wp-content\/uploads\/2021\/04\/friendsforeverSA.png 695w, https:\/\/www.posaunenchor-meerbeck.de\/wp-content\/uploads\/2021\/04\/friendsforeverSA-118x150.png 118w\" sizes=\"auto, (max-width: 695px) 100vw, 695px\" \/><\/figure>\n\n\n\n<p>Mit der Expo 2000 in Hannover fing vor 20 Jahren alles an: Die Hannover-sche Landeskirche suchte Gastfamilien f\u00fcr s\u00fcdafrikanische Bl\u00e4ser und auch Kirchengemeinden, die als Konzertort dienen konnten. Sehr gerne hatte sich der Posaunenchor Meerbeck damals bereit erkl\u00e4rt und eine Delegation der Moravian Brass Band Spieler gastierte in Meerbeck. Die Herzlichkeit der S\u00fcda-frikaner hatte uns alle damals sofort \u00fcberw\u00e4ltigt und so reisten wir nicht nur der Gruppe nach Hannover hinterher, um weitere Konzerte zu h\u00f6ren und uns auch nach der Abreise von Meerbeck noch mal mit allen zu treffen, sondern auch zwei Jahre sp\u00e4ter das erste Mal nach S\u00fcdafrika. Die Freundschaft aus dem Jahr 2000 wurde durch diverse Be-suche und Gegenbesuche vertieft und besteht in diesem Jahr nun also bere-its seit 20 Jahren. Im Oktober wollen wir dieses Jubil\u00e4um mit einer weiteren Reise nach S\u00fcdafrika begehen.Dass auch sehr pers\u00f6nliche Freund-schaften entstanden sind, wurde zum Jahreswechsel wieder ganz deutlich: Zwei junge Ehepaare, die urspr\u00fcnglich aus Mamre\/S\u00fcdafrika kommen, kamen zu Besuch nach Meerbeck bzw. Nied-ernw\u00f6hren. Jolene und Ashley leben mit ihrer kleinen Tochter Anna der-zeit in Wien. Da urspr\u00fcnglich der Po-saunenchor aus Mamre 2019 eine Deutschland-Tour unternehmen woll-te, aber aus diversen Gr\u00fcnden nicht Friends will be friends \u2013 20 Jahre Freundschaft zwischen S\u00fcdafrika und Meerbeckrealisieren konnte, hatten sich Petro und Laudis mit ihrer kleinen Tochter Annabelle \u00fcberlegt, die Wiener zu be-suchen, und nachdem sie dort zusam-men Weihnachten gefeiert hatten, ein-en Kurztrip nach Prag unternommen hatten, kamen sie kurz vor Silvester f\u00fcr ein paar Tage nach Niedernw\u00f6hren. Das war ein sehr herzliches Wieder-sehen! Stadtbummel, zumal noch mit Weihnachtsmarkt, sind immer recht beliebt und so haben wir einen sch\u00f6nen, sonnigen Tag in Minden ver-bracht, waren zum Braai (=Grillen) bei Tobi eingeladen und haben Silvester zusammen mit Freunden bei mir ge-feiert. F\u00fcr die S\u00fcdafrikaner war dies schon sehr besonders, denn Feuerw-erk ist dort n\u00e4mlich nicht erlaubt und das Spektakel um Mitternacht war schon ein Highlight.Auch ein besonderes Highlight war das gemeinsame Musizieren am Neu-jahrstag, denn unser Rentner Erwin Liedtke hatte Geburtstag und wir ha-ben ihm gemeinsam ein St\u00e4ndchen gespielt. Und weil es sein Wunsch war, bei Frost, etwas gefrorenem Eis auf den Pf\u00fctzen, aber blauem Himmel \u201eGeh aus, mein Herz\u201c f\u00fcr ihn gespielt. <strong>Wiebke Ostermeier<\/strong><\/p>\n\n\n\n<h2 class=\"wp-block-heading\"><\/h2>\n\n\n\n<blockquote class=\"wp-block-quote is-layout-flow wp-block-quote-is-layout-flow\"><p><\/p><\/blockquote>\n","protected":false},"excerpt":{"rendered":"<p>Mit der Expo 2000 in Hannover fing vor 20 Jahren alles an: Die Hannover-sche Landeskirche suchte Gastfamilien f\u00fcr s\u00fcdafrikanische Bl\u00e4ser und auch Kirchengemeinden, die als Konzertort dienen konnten. Sehr gerne hatte sich der Posaunenchor Meerbeck damals bereit erkl\u00e4rt und eine <a class=\"more-link\" href=\"https:\/\/www.posaunenchor-meerbeck.de\/index.php\/2021\/04\/14\/friends-will-be-friends-20-jahre-freundschaft-zwischen-suedafrika-und-meerbeck\/\"><span class=\"screen-reader-text\">  Friends will be friends- 20 Jahre Freundschaft  zwischen S\u00fcdafrika und Meerbeck<\/span> weiterlesen<span class=\"meta-nav\">&rarr;<\/span><\/a><\/p>\n","protected":false},"author":1,"featured_media":35790,"comment_status":"closed","ping_status":"closed","sticky":false,"template":"","format":"standard","meta":{"ngg_post_thumbnail":0,"iawp_total_views":7,"footnotes":""},"categories":[10],"tags":[],"class_list":["post-35788","post","type-post","status-publish","format-standard","has-post-thumbnail","hentry","category-archiv"],"_links":{"self":[{"href":"https:\/\/www.posaunenchor-meerbeck.de\/index.php\/wp-json\/wp\/v2\/posts\/35788","targetHints":{"allow":["GET"]}}],"collection":[{"href":"https:\/\/www.posaunenchor-meerbeck.de\/index.php\/wp-json\/wp\/v2\/posts"}],"about":[{"href":"https:\/\/www.posaunenchor-meerbeck.de\/index.php\/wp-json\/wp\/v2\/types\/post"}],"author":[{"embeddable":true,"href":"https:\/\/www.posaunenchor-meerbeck.de\/index.php\/wp-json\/wp\/v2\/users\/1"}],"replies":[{"embeddable":true,"href":"https:\/\/www.posaunenchor-meerbeck.de\/index.php\/wp-json\/wp\/v2\/comments?post=35788"}],"version-history":[{"count":5,"href":"https:\/\/www.posaunenchor-meerbeck.de\/index.php\/wp-json\/wp\/v2\/posts\/35788\/revisions"}],"predecessor-version":[{"id":35794,"href":"https:\/\/www.posaunenchor-meerbeck.de\/index.php\/wp-json\/wp\/v2\/posts\/35788\/revisions\/35794"}],"wp:featuredmedia":[{"embeddable":true,"href":"https:\/\/www.posaunenchor-meerbeck.de\/index.php\/wp-json\/wp\/v2\/media\/35790"}],"wp:attachment":[{"href":"https:\/\/www.posaunenchor-meerbeck.de\/index.php\/wp-json\/wp\/v2\/media?parent=35788"}],"wp:term":[{"taxonomy":"category","embeddable":true,"href":"https:\/\/www.posaunenchor-meerbeck.de\/index.php\/wp-json\/wp\/v2\/categories?post=35788"},{"taxonomy":"post_tag","embeddable":true,"href":"https:\/\/www.posaunenchor-meerbeck.de\/index.php\/wp-json\/wp\/v2\/tags?post=35788"}],"curies":[{"name":"wp","href":"https:\/\/api.w.org\/{rel}","templated":true}]}}