{"id":406,"date":"2015-12-01T20:31:13","date_gmt":"2015-12-01T19:31:13","guid":{"rendered":"http:\/\/www.posaunenchor-meerbeck.de\/?p=406"},"modified":"2025-05-08T21:44:29","modified_gmt":"2025-05-08T19:44:29","slug":"nachwuchs-im-posaunenchor","status":"publish","type":"post","link":"https:\/\/www.posaunenchor-meerbeck.de\/index.php\/2015\/12\/01\/nachwuchs-im-posaunenchor\/","title":{"rendered":"Nachwuchs im Posaunenchor"},"content":{"rendered":"<p>Nein, keine Babys. Auch keine neuen Jungbl\u00e4ser (obwohl wir uns \u00fcber unerwarteten Zuwachs im Bass freuen; herzlich Willkommen Bendix Block!).<\/p>\n<p>Sondern es gibt Nachwuchs im Bereich der Chorleitung. Wir freuen uns sehr, dass wir unseren langj\u00e4hrigen Bl\u00e4ser Daniel Nickels dazu gewinnen konnten, eine Chorleiterausbildung zu machen!<\/p>\n<p>Daniel hat bereits vor gut 15 Jahren im Meerbecker Posaunenchor begonnen. Er ist bei uns also \u201egro\u00df\u201c geworden und mit einer der zuverl\u00e4ssigsten Bl\u00e4ser. Daniel fehlt eigentlich bei keinem Einsatz, egal ob Probe, Geburtstagsst\u00e4ndchen, Gottesdienst oder sei es bei Vorbereitungen, St\u00fchle r\u00fccken, etc. (\u00fcber seine obligatorischen 5 Minuten Versp\u00e4tung sehen wir daher ganz gelassen hinweg J). Dar\u00fcber hinaus hat sich Daniel in den letzten Jahren musikalisch sehr viel weiterentwickelt und engagiert ge\u00fcbt und ist ein sehr guter Bl\u00e4ser. Ob mit seiner Posaune im Tenor, oder auch als Aushilfe im Bass, beides kein Problem f\u00fcr ihn. Mit seinem ausgepr\u00e4gten Rhythmusgef\u00fchl zieht er so manches Mal den einen oder anderen Bl\u00e4ser neben sich mit und gibt allen ein sicheres Gef\u00fchl bei schwierigen Rhythmen. Alles gute Voraussetzungen f\u00fcr die \u00dcberlegung, ihn ausbilden zu lassen.<\/p>\n<p>Die Chorleitungsausbildung besteht neben dem einw\u00f6chigen Grundkurs aus einem dreit\u00e4gigen Mittelkurs und dem einw\u00f6chigen Oberkurs (letztere dann in 2016). Neben dem \u201eDirigieren\u201c werden in den Kursen Musiktheorie und Geh\u00f6rbildung vermittelt, sowie Bl\u00e4serausbildung, Gesangbuchkunde, Instrumentenkunde und Instrumentaltechnik unterrichtet. Am Ende der gesamten Chorleitungsausbildung legt Daniel dann die D-Posaunenchor-leitungspr\u00fcfung ab. Den Grundkurs hat er inzwischen absolviert und auch schon in den letzten beiden Proben Chor\u00e4le dirigiert, denn nun hei\u00dft es: \u00fcben, \u00fcben, \u00fcben!<\/p>\n<p>Ich pers\u00f6nlich freue mich sehr und bin vor allem enorm DANKBAR, dass Daniel diese Herausforderung angenommen hat.<\/p>\n<p>Nachwuchs und (vor allem!) Unterst\u00fctzung aus den eigenen Reihen ist immer am besten!<\/p>\n<p>Ich freue mich auf die Zusammenarbeit!<\/p>\n<p><strong><strong>Danke, Daniel.<\/strong><\/strong><\/p>\n<p>Wiebke Ostermeier<\/p>\n","protected":false},"excerpt":{"rendered":"<p>Nein, keine Babys. Auch keine neuen Jungbl\u00e4ser (obwohl wir uns \u00fcber unerwarteten Zuwachs im Bass freuen; herzlich Willkommen Bendix Block!). Sondern es gibt Nachwuchs im Bereich der Chorleitung. Wir freuen uns sehr, dass wir unseren langj\u00e4hrigen Bl\u00e4ser Daniel Nickels dazu <a class=\"more-link\" href=\"https:\/\/www.posaunenchor-meerbeck.de\/index.php\/2015\/12\/01\/nachwuchs-im-posaunenchor\/\"><span class=\"screen-reader-text\">  Nachwuchs im Posaunenchor<\/span> weiterlesen<span class=\"meta-nav\">&rarr;<\/span><\/a><\/p>\n","protected":false},"author":1,"featured_media":0,"comment_status":"closed","ping_status":"closed","sticky":false,"template":"","format":"standard","meta":{"ngg_post_thumbnail":0,"iawp_total_views":5,"footnotes":""},"categories":[10],"tags":[],"class_list":["post-406","post","type-post","status-publish","format-standard","hentry","category-archiv"],"_links":{"self":[{"href":"https:\/\/www.posaunenchor-meerbeck.de\/index.php\/wp-json\/wp\/v2\/posts\/406","targetHints":{"allow":["GET"]}}],"collection":[{"href":"https:\/\/www.posaunenchor-meerbeck.de\/index.php\/wp-json\/wp\/v2\/posts"}],"about":[{"href":"https:\/\/www.posaunenchor-meerbeck.de\/index.php\/wp-json\/wp\/v2\/types\/post"}],"author":[{"embeddable":true,"href":"https:\/\/www.posaunenchor-meerbeck.de\/index.php\/wp-json\/wp\/v2\/users\/1"}],"replies":[{"embeddable":true,"href":"https:\/\/www.posaunenchor-meerbeck.de\/index.php\/wp-json\/wp\/v2\/comments?post=406"}],"version-history":[{"count":1,"href":"https:\/\/www.posaunenchor-meerbeck.de\/index.php\/wp-json\/wp\/v2\/posts\/406\/revisions"}],"predecessor-version":[{"id":407,"href":"https:\/\/www.posaunenchor-meerbeck.de\/index.php\/wp-json\/wp\/v2\/posts\/406\/revisions\/407"}],"wp:attachment":[{"href":"https:\/\/www.posaunenchor-meerbeck.de\/index.php\/wp-json\/wp\/v2\/media?parent=406"}],"wp:term":[{"taxonomy":"category","embeddable":true,"href":"https:\/\/www.posaunenchor-meerbeck.de\/index.php\/wp-json\/wp\/v2\/categories?post=406"},{"taxonomy":"post_tag","embeddable":true,"href":"https:\/\/www.posaunenchor-meerbeck.de\/index.php\/wp-json\/wp\/v2\/tags?post=406"}],"curies":[{"name":"wp","href":"https:\/\/api.w.org\/{rel}","templated":true}]}}